{"id":486,"date":"2011-06-28T12:14:13","date_gmt":"2011-06-28T10:14:13","guid":{"rendered":"http:\/\/www.kulturen.com\/popstad\/?p=486"},"modified":"2011-06-28T12:17:05","modified_gmt":"2011-06-28T10:17:05","slug":"vad-hander-nu-i-popstads-arbetet","status":"publish","type":"post","link":"https:\/\/popstad.kulturen.com\/?p=486","title":{"rendered":"Vad h\u00e4nder nu i Popstads-arbetet?"},"content":{"rendered":"<div id=\"attachment_488\" style=\"width: 310px\" class=\"wp-caption aligncenter\"><a rel=\"attachment wp-att-488\" href=\"https:\/\/popstad.kulturen.com\/?attachment_id=488\"><img loading=\"lazy\" decoding=\"async\" aria-describedby=\"caption-attachment-488\" class=\"size-medium wp-image-488 \" title=\"Stenstrom_02_1_1\" src=\"https:\/\/popstad.kulturen.com\/wp-content\/uploads\/2011\/06\/stenstrom_02_1_1-300x201.jpg\" alt=\"\" width=\"300\" height=\"201\" srcset=\"https:\/\/popstad.kulturen.com\/wp-content\/uploads\/2011\/06\/stenstrom_02_1_1-300x201.jpg 300w, https:\/\/popstad.kulturen.com\/wp-content\/uploads\/2011\/06\/stenstrom_02_1_1-1024x687.jpg 1024w, https:\/\/popstad.kulturen.com\/wp-content\/uploads\/2011\/06\/stenstrom_02_1_1.jpg 1191w\" sizes=\"auto, (max-width: 300px) 100vw, 300px\" \/><\/a><p id=\"caption-attachment-488\" class=\"wp-caption-text\">Kassett inl\u00e4mnat av Johan Stenstr\u00f6m. <\/p><\/div>\n<p>Vad h\u00e4nder med alla f\u00f6rem\u00e5l som vi f\u00e5tt in till Popstad Lund? Och hur arbetar vi egentligen med materialet? F\u00f6r att ni ska f\u00e5 en bild av hur vi jobbar publicerar vi h\u00e4r n\u00e5gra rader kring f\u00f6rem\u00e5lshanteringen i Popstad Lund.<\/p>\n<p>N\u00e4r n\u00e5gon l\u00e4mnar ett f\u00f6rem\u00e5l till Kulturen f\u00e5r personen ett l\u00e5nekvitto med sig. Vi p\u00e5 Kulturen beh\u00f6ver sedan tv\u00e5 kopior p\u00e5 kvittot. Ett kvitto f\u00f6ljer hela tiden med f\u00f6rem\u00e5let. Ett annat kvitto f\u00f6rvarar vi i en p\u00e4rm och anv\u00e4nder f\u00f6r att g\u00f6ra listor p\u00e5 vad vi f\u00e5tt in till exempel s\u00e5 att vi kan ha en \u00f6verblick \u00f6ver vad vi har. Listorna l\u00e4gger vi \u00e4ven ut h\u00e4r p\u00e5 insamlingsbloggen och p\u00e5 facebook s\u00e5 att ni kan se vad vi f\u00e5tt in.<\/p>\n<p>F\u00f6rem\u00e5len f\u00f6rvaras sedan i en st\u00e4ngd och larmad monter. D\u00e4r kan v\u00e5ra bes\u00f6kare se f\u00f6rem\u00e5len redan nu, men det \u00e4r l\u00e5ngt ifr\u00e5n en utst\u00e4llning \u00e4nnu. En fotograf g\u00e5r systematiskt igenom alla f\u00f6rem\u00e5l och fotograferar dem. Det g\u00f6r vi dels f\u00f6r att kunna anv\u00e4nda bilderna f\u00f6r urval och f\u00f6r att visa upp p\u00e5 bloggen och facebook. Men vi g\u00f6r det ocks\u00e5 f\u00f6r att dokumentera f\u00f6rem\u00e5len f\u00f6r att ha kvar bilderna n\u00e4r vi l\u00e4mnar tillbaka dem. N\u00e5gra av de som l\u00e4mnat in f\u00f6rem\u00e5l har tillfr\u00e5gats om de vill skriva om sitt f\u00f6rem\u00e5l p\u00e5 bloggen. Det \u00e4r extra roligt att f\u00e5 l\u00e4sa era personliga ber\u00e4ttelser och vi kommer att jobba f\u00f6r att s\u00e5 m\u00e5nga som m\u00f6jligt ska f\u00e5 den m\u00f6jligheten.<\/p>\n<div id=\"attachment_487\" style=\"width: 235px\" class=\"wp-caption alignleft\"><a rel=\"attachment wp-att-487\" href=\"https:\/\/popstad.kulturen.com\/?attachment_id=487\"><img loading=\"lazy\" decoding=\"async\" aria-describedby=\"caption-attachment-487\" class=\"size-medium wp-image-487\" title=\"Lena modell 002\" src=\"https:\/\/popstad.kulturen.com\/wp-content\/uploads\/2011\/06\/lena_modell_002-225x300.jpg\" alt=\"\" width=\"225\" height=\"300\" srcset=\"https:\/\/popstad.kulturen.com\/wp-content\/uploads\/2011\/06\/lena_modell_002-225x300.jpg 225w, https:\/\/popstad.kulturen.com\/wp-content\/uploads\/2011\/06\/lena_modell_002.jpg 600w\" sizes=\"auto, (max-width: 225px) 100vw, 225px\" \/><\/a><p id=\"caption-attachment-487\" class=\"wp-caption-text\">Formgivare Lena Hilbertsdotter arbetar med modellen<\/p><\/div>\n<p>Utst\u00e4llningens formgivare, Lena Hilbertsdotter, arbetar just nu febrilt med en modell i skala 1:10 \u00f6ver utst\u00e4llningsrummet. Hon har b\u00f6rjat arbeta med en form d\u00e4r vi ska kunna visa m\u00e5nga av de platta f\u00f6rem\u00e5l (skivor, affischer, biljetter, brev, texter, bilder osv) som vi f\u00e5tt in. Hon arbetar \u00e4ven med att ta fram de olika milj\u00f6er som vi vill skildra i utst\u00e4llningen och som vi f\u00e5tt \u00f6nskem\u00e5l p\u00e5 facebook om. N\u00e4r milj\u00f6erna tar form kommer vi att anv\u00e4nda en del av f\u00f6rem\u00e5len d\u00e4r. Men vi kommer ocks\u00e5 att anv\u00e4nda en del f\u00f6rem\u00e5l som rekvisita.<\/p>\n<p>Vissa f\u00f6rem\u00e5l har en tydlig och sp\u00e4nnande historia kopplade till sig. D\u00e5 k\u00e4nns det viktigt att ber\u00e4tta den. Andra f\u00f6rem\u00e5l ger en bild av tiden och fungerar b\u00e4ttre som rekvisita.<\/p>\n<p>Ni som l\u00e4mnat f\u00f6rem\u00e5l har ocks\u00e5 f\u00e5tt ange hur vi f\u00e5r lov att anv\u00e4nda era f\u00f6rem\u00e5l. Allt detta tar vi h\u00e4nsyn till n\u00e4r vi arbetar med utst\u00e4llningen. Vi forts\u00e4tter att samla in f\u00f6rem\u00e5l \u00e4ven om vi inte arrangerar fler insamlingskv\u00e4llar.<\/p>\n<p>Kontakta oss g\u00e4rna om du vill bidra!<\/p>\n<!-- AddThis Advanced Settings generic via filter on the_content --><!-- AddThis Share Buttons generic via filter on the_content -->","protected":false},"excerpt":{"rendered":"<p>Vad h\u00e4nder med alla f\u00f6rem\u00e5l som vi f\u00e5tt in till Popstad Lund? Och hur arbetar vi egentligen med materialet? F\u00f6r att ni ska f\u00e5 en bild av hur vi jobbar publicerar vi h\u00e4r n\u00e5gra rader kring f\u00f6rem\u00e5lshanteringen i Popstad Lund. &hellip; <a href=\"https:\/\/popstad.kulturen.com\/?p=486\">Forts\u00e4tt l\u00e4sa <span class=\"meta-nav\">&rarr;<\/span><\/a><!-- AddThis Advanced Settings generic via filter on get_the_excerpt --><!-- AddThis Share Buttons generic via filter on get_the_excerpt --><\/p>\n","protected":false},"author":8,"featured_media":0,"comment_status":"open","ping_status":"open","sticky":false,"template":"","format":"standard","meta":{"footnotes":""},"categories":[21],"tags":[],"class_list":["post-486","post","type-post","status-publish","format-standard","hentry","category-arbetet-med-insamling-och-utstallning"],"_links":{"self":[{"href":"https:\/\/popstad.kulturen.com\/index.php?rest_route=\/wp\/v2\/posts\/486","targetHints":{"allow":["GET"]}}],"collection":[{"href":"https:\/\/popstad.kulturen.com\/index.php?rest_route=\/wp\/v2\/posts"}],"about":[{"href":"https:\/\/popstad.kulturen.com\/index.php?rest_route=\/wp\/v2\/types\/post"}],"author":[{"embeddable":true,"href":"https:\/\/popstad.kulturen.com\/index.php?rest_route=\/wp\/v2\/users\/8"}],"replies":[{"embeddable":true,"href":"https:\/\/popstad.kulturen.com\/index.php?rest_route=%2Fwp%2Fv2%2Fcomments&post=486"}],"version-history":[{"count":0,"href":"https:\/\/popstad.kulturen.com\/index.php?rest_route=\/wp\/v2\/posts\/486\/revisions"}],"wp:attachment":[{"href":"https:\/\/popstad.kulturen.com\/index.php?rest_route=%2Fwp%2Fv2%2Fmedia&parent=486"}],"wp:term":[{"taxonomy":"category","embeddable":true,"href":"https:\/\/popstad.kulturen.com\/index.php?rest_route=%2Fwp%2Fv2%2Fcategories&post=486"},{"taxonomy":"post_tag","embeddable":true,"href":"https:\/\/popstad.kulturen.com\/index.php?rest_route=%2Fwp%2Fv2%2Ftags&post=486"}],"curies":[{"name":"wp","href":"https:\/\/api.w.org\/{rel}","templated":true}]}}